{"id":13638,"date":"2025-10-24T12:02:57","date_gmt":"2025-10-24T10:02:57","guid":{"rendered":"https:\/\/maviesanstabac.lu\/alarmierender-anstieg-von-nikotinbeutel-bei-jugendlichen-cnel-fordert-dringendes-handeln-hausse-alarmante-des-sachets-de-nicotine-chez-les-jeunes\/"},"modified":"2025-10-24T12:02:57","modified_gmt":"2025-10-24T10:02:57","slug":"alarmierender-anstieg-von-nikotinbeutel-bei-jugendlichen-cnel-fordert-dringendes-handeln-hausse-alarmante-des-sachets-de-nicotine-chez-les-jeunes","status":"publish","type":"post","link":"https:\/\/maviesanstabac.lu\/de\/alarmierender-anstieg-von-nikotinbeutel-bei-jugendlichen-cnel-fordert-dringendes-handeln-hausse-alarmante-des-sachets-de-nicotine-chez-les-jeunes\/","title":{"rendered":"Alarmierender Anstieg von Nikotinbeutel bei Jugendlichen: CNEL fordert dringendes Handeln<br> Hausse alarmante des sachets de nicotine chez les jeunes"},"content":{"rendered":"<div class=\"wpb-content-wrapper\"><p>[vc_row][vc_column][vc_column_text css=&#8221;&#8221;]<strong>Die Conf\u00e9rence nationale des \u00e9l\u00e8ves du Luxembourg (CNEL) warnt vor einem deutlichen Anstieg des Konsums von Nikotinbeutel (in der Jugendsprache oft als \u201eSnus\u201c bezeichnet) unter Jugendlichen. Laut ihrer 2025 durchgef\u00fchrten Umfrage unter 1.017 Sch\u00fcler*innen haben bereits 21\u202f% der Jugendlichen Nikotinbeutel konsumiert oder konsumieren sie regelm\u00e4\u00dfig \u2013 eine besonders besorgniserregende Zahl. Dieses Produkt, das hohe Mengen an Nikotin enth\u00e4lt, wird oft als harmlos wahrgenommen, birgt jedoch ein hohes Abh\u00e4ngigkeitsrisiko.<br \/>  <\/strong><\/p>\n<h5>Eine neue, schnell wachsende Form der Sucht<\/h5>\n<p>Nikotinbeutel, die h\u00e4ufig f\u00e4lschlicherweise als harmlos gelten, da sie keinen Rauch erzeugen, enthalten sehr hohe Nikotindosen. W\u00e4hrend eine Zigarette im Durchschnitt 10\u202fmg Nikotin enth\u00e4lt, k\u00f6nnen einige Nikotinbeutel \u00fcber 60\u202fmg, in Extremf\u00e4llen sogar \u00fcber 100\u202fmg enthalten. Die Umfrage zeigt, dass 12\u202f% der befragten Konsumenten Dosen \u00fcber 100\u202fmg einnehmen, was eine extrem schnelle Abh\u00e4ngigkeit beg\u00fcnstigt.  <\/p>\n<p>Besonders besorgniserregend ist, dass Sch\u00fcler*innen im Alter von nur 12 bis 14\u202fJahren bereits angegeben haben, dieses Nikotinprodukt ausprobiert oder regelm\u00e4\u00dfig konsumiert zu haben. In diesem Alter befindet sich das Gehirn noch in der Entwicklung und ist besonders anf\u00e4llig f\u00fcr Sucht. Die Risiken umfassen Konzentrationsst\u00f6rungen, Stimmungsschwankungen, Angstzust\u00e4nde, Reizbarkeit und eine dauerhafte Abh\u00e4ngigkeit.  <\/p>\n<h5>Warum konsumieren Jugendliche Nikotin?Pourquoi les jeunes consomment-ils ?<\/h5>\n<p>Die von den Jugendlichen genannten Gr\u00fcnde f\u00fcr den Einstieg in den Konsum zeigen, dass Neugier eine entscheidende Rolle spielt, gefolgt von sozialem Druck und Leistungsstreben, da das Produkt manchmal genutzt wird, um \u201ebesser konzentriert zu sein\u201c oder \u201eSchulstress zu bew\u00e4ltigen\u201c.<\/p>\n<p>F\u00fcr einige Jugendliche werden Nikotinbeutel zu einem Mittel der emotionalen Regulation oder einem Instrument, um mit schulischem Druck umzugehen, ohne dass ihnen die gesundheitlichen Folgen oder das Risiko einer starken Abh\u00e4ngigkeit bewusst sind. Die Umfrage zeigt, dass 28\u202f% der Konsumierenden aufh\u00f6ren m\u00f6chten, es aber nicht schaffen, w\u00e4hrend 40\u202f% sich noch nie die Frage gestellt haben, aufzuh\u00f6ren \u2013 ein besorgniserregendes Zeichen f\u00fcr die Normalisierung des Produkts. <\/p>\n<h5>Mangel an Information und zu einfache Verf\u00fcgbarkeit<\/h5>\n<p>Mehr als die H\u00e4lfte der befragten Sch\u00fcler*innen gibt an, keine klaren Informationen \u00fcber die mit Nikotinbeutel verbundenen Risiken erhalten zu haben. 62\u202f% empfinden, dass es an Bildung und Pr\u00e4vention fehlt, die an ihre Lebensrealit\u00e4t angepasst sind. Dieses Informationsdefizit, kombiniert mit einer hohen Verf\u00fcgbarkeit des Produkts, schafft ein Umfeld, das die Normalisierung von Nikotinbeutel im Alltag der Jugendlichen beg\u00fcnstigt.  <\/p>\n<p>Die Eigenschaften der Nikotinbeutel \u2013 fruchtige Aromen, unauff\u00e4llige Formate, Verkauf \u00fcber das Internet oder in bestimmten Verkaufsstellen \u2013 machen sie besonders attraktiv f\u00fcr Jugendliche. Die CNEL betont, dass sich dieses Ph\u00e4nomen versch\u00e4rfen k\u00f6nnte, wenn keine entschlossenen politischen Ma\u00dfnahmen ergriffen werden. <\/p>\n<p><strong>\u201eEs ist nicht allein die Schuld der Jugendlichen. Sie sind oft nicht ausreichend informiert, und es ist nicht akzeptabel, dies auszunutzen, um sie zu Konsument*innen zu machen. Im Gegenteil, Pr\u00e4vention muss gest\u00e4rkt und Aufkl\u00e4rung intensiviert werden. Hier geht es nicht um politische Motivation, sondern um den Schutz der Jugend, die die Zukunft unseres Landes darstellt.\u201c<\/strong> <em>\u2013 Semir Honsic, Vizepr\u00e4sident der CNEL<\/em><\/p>\n<h5>Die CNEL fordert sofortige politische Ma\u00dfnahmen<\/h5>\n<p>Angesichts dieser Erkenntnisse ruft die CNEL zu einem sofortigen Handeln der politischen Entscheidungstr\u00e4ger auf und stellt mehrere vorrangige Forderungen:<\/p>\n<ul>\n<li>Unverz\u00fcgliche Verabschiedung des Gesetzesentwurfs 8333 zur Regulierung von Nikotinbeutel und zur St\u00e4rkung bestehender Anti-Tabak-Gesetze;<\/li>\n<li>Verst\u00e4rkte Kontrolle des Verkaufs an Minderj\u00e4hrige, einschlie\u00dflich Einschr\u00e4nkung der Verf\u00fcgbarkeit und Attraktivit\u00e4t der Produkte (Design, Aromen, Vertriebskan\u00e4le);<\/li>\n<li>Regulierung anderer nikotinhaltiger Produkte, einschlie\u00dflich E-Zigaretten und \u00e4hnlicher Ger\u00e4te;<\/li>\n<li>Massive St\u00e4rkung der Pr\u00e4vention durch gezielte, wissenschaftlich fundierte Kampagnen, die auf Jugendliche zugeschnitten sind.<\/li>\n<\/ul>\n<p>Die CNEL fordert zudem eine aktive Zusammenarbeit zwischen Schulen, Eltern, P\u00e4dagog*innen und Gesundheitsfachkr\u00e4ften, um den Konsum fr\u00fchzeitig zu erkennen und Jugendliche beim Aufh\u00f6ren zu unterst\u00fctzen.<\/p>\n<h5>Tabakfreies Luxemburg 2040 unterst\u00fctzt diesen Aufruf<\/h5>\n<p>Trotz des zunehmenden Ph\u00e4nomens geben die meisten Sch\u00fcler*innen an, ihren Mitsch\u00fclerinnen vom Konsum von Nikotinbeutel abzuraten. Dieses interne Bewusstsein zeigt, dass Ver\u00e4nderung m\u00f6glich ist, sofern ein solides politisches und p\u00e4dagogisches Rahmenwerk geschaffen wird.Tabakfreies Luxemburg schlie\u00dft sich der CNEL an und ruft zu sofortigem Handeln auf, um die Entstehung einer neuen Form der Sucht bei Jugendlichen zu verhindern.  <\/p>\n<h5>Es ist noch Zeit zu handeln \u2013 aber es muss jetzt gehandelt werden.<\/h5>\n<p>Lesen Sie die Pressemitteilung der CNEL vom 21. Oktober 2025: <a href=\"http:\/\/www.cnel.lu\/wp-content\/uploads\/2025\/10\/AVISSNUSFINAL16102025s.pdf\">http:\/\/www.cnel.lu\/wp-content\/uploads\/2025\/10\/AVISSNUSFINAL16102025s.pdf<\/a><\/p>\n<p>[\/vc_column_text][\/vc_column][\/vc_row]<\/p>\n<\/div>","protected":false},"excerpt":{"rendered":"<p>[vc_row][vc_column][vc_column_text css=&#8221;&#8221;]Die Conf\u00e9rence nationale des \u00e9l\u00e8ves du Luxembourg (CNEL) warnt vor einem deutlichen Anstieg des Konsums von Nikotinbeutel (in der Jugendsprache oft als \u201eSnus\u201c bezeichnet) unter Jugendlichen. Laut ihrer 2025 durchgef\u00fchrten Umfrage unter 1.017 Sch\u00fcler*innen haben bereits 21\u202f% der Jugendlichen Nikotinbeutel konsumiert oder konsumieren sie regelm\u00e4\u00dfig \u2013 eine besonders besorgniserregende Zahl. Dieses Produkt, das hohe&hellip;<\/p>\n","protected":false},"author":20,"featured_media":3368,"comment_status":"closed","ping_status":"closed","sticky":false,"template":"","format":"standard","meta":{"footnotes":""},"categories":[371],"tags":[],"class_list":["post-13638","post","type-post","status-publish","format-standard","has-post-thumbnail","hentry","category-rauchen","category-371","description-off"],"yoast_head":"<!-- This site is optimized with the Yoast SEO plugin v27.0 - https:\/\/yoast.com\/product\/yoast-seo-wordpress\/ -->\n<title>Alarmierender Anstieg von Nikotinbeutel bei Jugendlichen: CNEL fordert dringendes Handeln Hausse alarmante des sachets de nicotine chez les jeunes - ma vie sans tabac<\/title>\n<meta name=\"robots\" content=\"index, follow, max-snippet:-1, max-image-preview:large, max-video-preview:-1\" \/>\n<link rel=\"canonical\" href=\"https:\/\/maviesanstabac.lu\/de\/alarmierender-anstieg-von-nikotinbeutel-bei-jugendlichen-cnel-fordert-dringendes-handeln-hausse-alarmante-des-sachets-de-nicotine-chez-les-jeunes\/\" \/>\n<meta property=\"og:locale\" content=\"de_DE\" \/>\n<meta property=\"og:type\" content=\"article\" \/>\n<meta property=\"og:title\" content=\"Alarmierender Anstieg von Nikotinbeutel bei Jugendlichen: CNEL fordert dringendes Handeln Hausse alarmante des sachets de nicotine chez les jeunes - ma vie sans tabac\" \/>\n<meta property=\"og:description\" content=\"[vc_row][vc_column][vc_column_text css=&#8221;&#8221;]Die Conf\u00e9rence nationale des \u00e9l\u00e8ves du Luxembourg (CNEL) warnt vor einem deutlichen Anstieg des Konsums von Nikotinbeutel (in der Jugendsprache oft als \u201eSnus\u201c bezeichnet) unter Jugendlichen. Laut ihrer 2025 durchgef\u00fchrten Umfrage unter 1.017 Sch\u00fcler*innen haben bereits 21\u202f% der Jugendlichen Nikotinbeutel konsumiert oder konsumieren sie regelm\u00e4\u00dfig \u2013 eine besonders besorgniserregende Zahl. Dieses Produkt, das hohe&hellip;\" \/>\n<meta property=\"og:url\" content=\"https:\/\/maviesanstabac.lu\/de\/alarmierender-anstieg-von-nikotinbeutel-bei-jugendlichen-cnel-fordert-dringendes-handeln-hausse-alarmante-des-sachets-de-nicotine-chez-les-jeunes\/\" \/>\n<meta property=\"og:site_name\" content=\"ma vie sans tabac\" \/>\n<meta property=\"article:published_time\" content=\"2025-10-24T10:02:57+00:00\" \/>\n<meta property=\"og:image\" content=\"https:\/\/maviesanstabac.lu\/wp-content\/uploads\/2017\/06\/FondationCancer.jpg\" \/>\n\t<meta property=\"og:image:width\" content=\"991\" \/>\n\t<meta property=\"og:image:height\" content=\"1200\" \/>\n\t<meta property=\"og:image:type\" content=\"image\/jpeg\" \/>\n<meta name=\"author\" content=\"Elsa Marie\" \/>\n<meta name=\"twitter:card\" content=\"summary_large_image\" \/>\n<meta name=\"twitter:label1\" content=\"Verfasst von\" \/>\n\t<meta name=\"twitter:data1\" content=\"Elsa Marie\" \/>\n\t<meta name=\"twitter:label2\" content=\"Gesch\u00e4tzte Lesezeit\" \/>\n\t<meta name=\"twitter:data2\" content=\"4\u00a0Minuten\" \/>\n<script type=\"application\/ld+json\" class=\"yoast-schema-graph\">{\"@context\":\"https:\/\/schema.org\",\"@graph\":[{\"@type\":\"Article\",\"@id\":\"https:\/\/maviesanstabac.lu\/de\/alarmierender-anstieg-von-nikotinbeutel-bei-jugendlichen-cnel-fordert-dringendes-handeln-hausse-alarmante-des-sachets-de-nicotine-chez-les-jeunes\/#article\",\"isPartOf\":{\"@id\":\"https:\/\/maviesanstabac.lu\/de\/alarmierender-anstieg-von-nikotinbeutel-bei-jugendlichen-cnel-fordert-dringendes-handeln-hausse-alarmante-des-sachets-de-nicotine-chez-les-jeunes\/\"},\"author\":{\"name\":\"Elsa Marie\",\"@id\":\"https:\/\/maviesanstabac.lu\/de\/#\/schema\/person\/458144ee774dc0229323f6b23e6b2937\"},\"headline\":\"Alarmierender Anstieg von Nikotinbeutel bei Jugendlichen: CNEL fordert dringendes Handeln Hausse alarmante des sachets de nicotine chez les jeunes\",\"datePublished\":\"2025-10-24T10:02:57+00:00\",\"mainEntityOfPage\":{\"@id\":\"https:\/\/maviesanstabac.lu\/de\/alarmierender-anstieg-von-nikotinbeutel-bei-jugendlichen-cnel-fordert-dringendes-handeln-hausse-alarmante-des-sachets-de-nicotine-chez-les-jeunes\/\"},\"wordCount\":757,\"image\":{\"@id\":\"https:\/\/maviesanstabac.lu\/de\/alarmierender-anstieg-von-nikotinbeutel-bei-jugendlichen-cnel-fordert-dringendes-handeln-hausse-alarmante-des-sachets-de-nicotine-chez-les-jeunes\/#primaryimage\"},\"thumbnailUrl\":\"https:\/\/maviesanstabac.lu\/wp-content\/uploads\/2017\/06\/FondationCancer.jpg\",\"articleSection\":[\"Rauchen\"],\"inLanguage\":\"de\"},{\"@type\":\"WebPage\",\"@id\":\"https:\/\/maviesanstabac.lu\/de\/alarmierender-anstieg-von-nikotinbeutel-bei-jugendlichen-cnel-fordert-dringendes-handeln-hausse-alarmante-des-sachets-de-nicotine-chez-les-jeunes\/\",\"url\":\"https:\/\/maviesanstabac.lu\/de\/alarmierender-anstieg-von-nikotinbeutel-bei-jugendlichen-cnel-fordert-dringendes-handeln-hausse-alarmante-des-sachets-de-nicotine-chez-les-jeunes\/\",\"name\":\"Alarmierender Anstieg von Nikotinbeutel bei Jugendlichen: CNEL fordert dringendes Handeln Hausse alarmante des sachets de nicotine chez les jeunes - ma vie sans tabac\",\"isPartOf\":{\"@id\":\"https:\/\/maviesanstabac.lu\/de\/#website\"},\"primaryImageOfPage\":{\"@id\":\"https:\/\/maviesanstabac.lu\/de\/alarmierender-anstieg-von-nikotinbeutel-bei-jugendlichen-cnel-fordert-dringendes-handeln-hausse-alarmante-des-sachets-de-nicotine-chez-les-jeunes\/#primaryimage\"},\"image\":{\"@id\":\"https:\/\/maviesanstabac.lu\/de\/alarmierender-anstieg-von-nikotinbeutel-bei-jugendlichen-cnel-fordert-dringendes-handeln-hausse-alarmante-des-sachets-de-nicotine-chez-les-jeunes\/#primaryimage\"},\"thumbnailUrl\":\"https:\/\/maviesanstabac.lu\/wp-content\/uploads\/2017\/06\/FondationCancer.jpg\",\"datePublished\":\"2025-10-24T10:02:57+00:00\",\"author\":{\"@id\":\"https:\/\/maviesanstabac.lu\/de\/#\/schema\/person\/458144ee774dc0229323f6b23e6b2937\"},\"breadcrumb\":{\"@id\":\"https:\/\/maviesanstabac.lu\/de\/alarmierender-anstieg-von-nikotinbeutel-bei-jugendlichen-cnel-fordert-dringendes-handeln-hausse-alarmante-des-sachets-de-nicotine-chez-les-jeunes\/#breadcrumb\"},\"inLanguage\":\"de\",\"potentialAction\":[{\"@type\":\"ReadAction\",\"target\":[\"https:\/\/maviesanstabac.lu\/de\/alarmierender-anstieg-von-nikotinbeutel-bei-jugendlichen-cnel-fordert-dringendes-handeln-hausse-alarmante-des-sachets-de-nicotine-chez-les-jeunes\/\"]}]},{\"@type\":\"ImageObject\",\"inLanguage\":\"de\",\"@id\":\"https:\/\/maviesanstabac.lu\/de\/alarmierender-anstieg-von-nikotinbeutel-bei-jugendlichen-cnel-fordert-dringendes-handeln-hausse-alarmante-des-sachets-de-nicotine-chez-les-jeunes\/#primaryimage\",\"url\":\"https:\/\/maviesanstabac.lu\/wp-content\/uploads\/2017\/06\/FondationCancer.jpg\",\"contentUrl\":\"https:\/\/maviesanstabac.lu\/wp-content\/uploads\/2017\/06\/FondationCancer.jpg\",\"width\":991,\"height\":1200},{\"@type\":\"BreadcrumbList\",\"@id\":\"https:\/\/maviesanstabac.lu\/de\/alarmierender-anstieg-von-nikotinbeutel-bei-jugendlichen-cnel-fordert-dringendes-handeln-hausse-alarmante-des-sachets-de-nicotine-chez-les-jeunes\/#breadcrumb\",\"itemListElement\":[{\"@type\":\"ListItem\",\"position\":1,\"name\":\"Accueil\",\"item\":\"https:\/\/maviesanstabac.lu\/de\/\"},{\"@type\":\"ListItem\",\"position\":2,\"name\":\"Alarmierender Anstieg von Nikotinbeutel bei Jugendlichen: CNEL fordert dringendes Handeln Hausse alarmante des sachets de nicotine chez les jeunes\"}]},{\"@type\":\"WebSite\",\"@id\":\"https:\/\/maviesanstabac.lu\/de\/#website\",\"url\":\"https:\/\/maviesanstabac.lu\/de\/\",\"name\":\"ma vie sans tabac\",\"description\":\"Sans tabac pour une vie plus saine\",\"potentialAction\":[{\"@type\":\"SearchAction\",\"target\":{\"@type\":\"EntryPoint\",\"urlTemplate\":\"https:\/\/maviesanstabac.lu\/de\/?s={search_term_string}\"},\"query-input\":{\"@type\":\"PropertyValueSpecification\",\"valueRequired\":true,\"valueName\":\"search_term_string\"}}],\"inLanguage\":\"de\"},{\"@type\":\"Person\",\"@id\":\"https:\/\/maviesanstabac.lu\/de\/#\/schema\/person\/458144ee774dc0229323f6b23e6b2937\",\"name\":\"Elsa Marie\",\"image\":{\"@type\":\"ImageObject\",\"inLanguage\":\"de\",\"@id\":\"https:\/\/maviesanstabac.lu\/de\/#\/schema\/person\/image\/\",\"url\":\"https:\/\/secure.gravatar.com\/avatar\/bb4563e7d504e061d18988e9e48ae13de0e1696e62445b2aeb3d7a3c87670ff1?s=96&d=mm&r=g\",\"contentUrl\":\"https:\/\/secure.gravatar.com\/avatar\/bb4563e7d504e061d18988e9e48ae13de0e1696e62445b2aeb3d7a3c87670ff1?s=96&d=mm&r=g\",\"caption\":\"Elsa Marie\"},\"url\":\"https:\/\/maviesanstabac.lu\/de\/author\/elsa-marie\/\"}]}<\/script>\n<!-- \/ Yoast SEO plugin. -->","yoast_head_json":{"title":"Alarmierender Anstieg von Nikotinbeutel bei Jugendlichen: CNEL fordert dringendes Handeln Hausse alarmante des sachets de nicotine chez les jeunes - ma vie sans tabac","robots":{"index":"index","follow":"follow","max-snippet":"max-snippet:-1","max-image-preview":"max-image-preview:large","max-video-preview":"max-video-preview:-1"},"canonical":"https:\/\/maviesanstabac.lu\/de\/alarmierender-anstieg-von-nikotinbeutel-bei-jugendlichen-cnel-fordert-dringendes-handeln-hausse-alarmante-des-sachets-de-nicotine-chez-les-jeunes\/","og_locale":"de_DE","og_type":"article","og_title":"Alarmierender Anstieg von Nikotinbeutel bei Jugendlichen: CNEL fordert dringendes Handeln Hausse alarmante des sachets de nicotine chez les jeunes - ma vie sans tabac","og_description":"[vc_row][vc_column][vc_column_text css=&#8221;&#8221;]Die Conf\u00e9rence nationale des \u00e9l\u00e8ves du Luxembourg (CNEL) warnt vor einem deutlichen Anstieg des Konsums von Nikotinbeutel (in der Jugendsprache oft als \u201eSnus\u201c bezeichnet) unter Jugendlichen. Laut ihrer 2025 durchgef\u00fchrten Umfrage unter 1.017 Sch\u00fcler*innen haben bereits 21\u202f% der Jugendlichen Nikotinbeutel konsumiert oder konsumieren sie regelm\u00e4\u00dfig \u2013 eine besonders besorgniserregende Zahl. Dieses Produkt, das hohe&hellip;","og_url":"https:\/\/maviesanstabac.lu\/de\/alarmierender-anstieg-von-nikotinbeutel-bei-jugendlichen-cnel-fordert-dringendes-handeln-hausse-alarmante-des-sachets-de-nicotine-chez-les-jeunes\/","og_site_name":"ma vie sans tabac","article_published_time":"2025-10-24T10:02:57+00:00","og_image":[{"width":991,"height":1200,"url":"https:\/\/maviesanstabac.lu\/wp-content\/uploads\/2017\/06\/FondationCancer.jpg","type":"image\/jpeg"}],"author":"Elsa Marie","twitter_card":"summary_large_image","twitter_misc":{"Verfasst von":"Elsa Marie","Gesch\u00e4tzte Lesezeit":"4\u00a0Minuten"},"schema":{"@context":"https:\/\/schema.org","@graph":[{"@type":"Article","@id":"https:\/\/maviesanstabac.lu\/de\/alarmierender-anstieg-von-nikotinbeutel-bei-jugendlichen-cnel-fordert-dringendes-handeln-hausse-alarmante-des-sachets-de-nicotine-chez-les-jeunes\/#article","isPartOf":{"@id":"https:\/\/maviesanstabac.lu\/de\/alarmierender-anstieg-von-nikotinbeutel-bei-jugendlichen-cnel-fordert-dringendes-handeln-hausse-alarmante-des-sachets-de-nicotine-chez-les-jeunes\/"},"author":{"name":"Elsa Marie","@id":"https:\/\/maviesanstabac.lu\/de\/#\/schema\/person\/458144ee774dc0229323f6b23e6b2937"},"headline":"Alarmierender Anstieg von Nikotinbeutel bei Jugendlichen: CNEL fordert dringendes Handeln Hausse alarmante des sachets de nicotine chez les jeunes","datePublished":"2025-10-24T10:02:57+00:00","mainEntityOfPage":{"@id":"https:\/\/maviesanstabac.lu\/de\/alarmierender-anstieg-von-nikotinbeutel-bei-jugendlichen-cnel-fordert-dringendes-handeln-hausse-alarmante-des-sachets-de-nicotine-chez-les-jeunes\/"},"wordCount":757,"image":{"@id":"https:\/\/maviesanstabac.lu\/de\/alarmierender-anstieg-von-nikotinbeutel-bei-jugendlichen-cnel-fordert-dringendes-handeln-hausse-alarmante-des-sachets-de-nicotine-chez-les-jeunes\/#primaryimage"},"thumbnailUrl":"https:\/\/maviesanstabac.lu\/wp-content\/uploads\/2017\/06\/FondationCancer.jpg","articleSection":["Rauchen"],"inLanguage":"de"},{"@type":"WebPage","@id":"https:\/\/maviesanstabac.lu\/de\/alarmierender-anstieg-von-nikotinbeutel-bei-jugendlichen-cnel-fordert-dringendes-handeln-hausse-alarmante-des-sachets-de-nicotine-chez-les-jeunes\/","url":"https:\/\/maviesanstabac.lu\/de\/alarmierender-anstieg-von-nikotinbeutel-bei-jugendlichen-cnel-fordert-dringendes-handeln-hausse-alarmante-des-sachets-de-nicotine-chez-les-jeunes\/","name":"Alarmierender Anstieg von Nikotinbeutel bei Jugendlichen: CNEL fordert dringendes Handeln Hausse alarmante des sachets de nicotine chez les jeunes - ma vie sans tabac","isPartOf":{"@id":"https:\/\/maviesanstabac.lu\/de\/#website"},"primaryImageOfPage":{"@id":"https:\/\/maviesanstabac.lu\/de\/alarmierender-anstieg-von-nikotinbeutel-bei-jugendlichen-cnel-fordert-dringendes-handeln-hausse-alarmante-des-sachets-de-nicotine-chez-les-jeunes\/#primaryimage"},"image":{"@id":"https:\/\/maviesanstabac.lu\/de\/alarmierender-anstieg-von-nikotinbeutel-bei-jugendlichen-cnel-fordert-dringendes-handeln-hausse-alarmante-des-sachets-de-nicotine-chez-les-jeunes\/#primaryimage"},"thumbnailUrl":"https:\/\/maviesanstabac.lu\/wp-content\/uploads\/2017\/06\/FondationCancer.jpg","datePublished":"2025-10-24T10:02:57+00:00","author":{"@id":"https:\/\/maviesanstabac.lu\/de\/#\/schema\/person\/458144ee774dc0229323f6b23e6b2937"},"breadcrumb":{"@id":"https:\/\/maviesanstabac.lu\/de\/alarmierender-anstieg-von-nikotinbeutel-bei-jugendlichen-cnel-fordert-dringendes-handeln-hausse-alarmante-des-sachets-de-nicotine-chez-les-jeunes\/#breadcrumb"},"inLanguage":"de","potentialAction":[{"@type":"ReadAction","target":["https:\/\/maviesanstabac.lu\/de\/alarmierender-anstieg-von-nikotinbeutel-bei-jugendlichen-cnel-fordert-dringendes-handeln-hausse-alarmante-des-sachets-de-nicotine-chez-les-jeunes\/"]}]},{"@type":"ImageObject","inLanguage":"de","@id":"https:\/\/maviesanstabac.lu\/de\/alarmierender-anstieg-von-nikotinbeutel-bei-jugendlichen-cnel-fordert-dringendes-handeln-hausse-alarmante-des-sachets-de-nicotine-chez-les-jeunes\/#primaryimage","url":"https:\/\/maviesanstabac.lu\/wp-content\/uploads\/2017\/06\/FondationCancer.jpg","contentUrl":"https:\/\/maviesanstabac.lu\/wp-content\/uploads\/2017\/06\/FondationCancer.jpg","width":991,"height":1200},{"@type":"BreadcrumbList","@id":"https:\/\/maviesanstabac.lu\/de\/alarmierender-anstieg-von-nikotinbeutel-bei-jugendlichen-cnel-fordert-dringendes-handeln-hausse-alarmante-des-sachets-de-nicotine-chez-les-jeunes\/#breadcrumb","itemListElement":[{"@type":"ListItem","position":1,"name":"Accueil","item":"https:\/\/maviesanstabac.lu\/de\/"},{"@type":"ListItem","position":2,"name":"Alarmierender Anstieg von Nikotinbeutel bei Jugendlichen: CNEL fordert dringendes Handeln Hausse alarmante des sachets de nicotine chez les jeunes"}]},{"@type":"WebSite","@id":"https:\/\/maviesanstabac.lu\/de\/#website","url":"https:\/\/maviesanstabac.lu\/de\/","name":"ma vie sans tabac","description":"Sans tabac pour une vie plus saine","potentialAction":[{"@type":"SearchAction","target":{"@type":"EntryPoint","urlTemplate":"https:\/\/maviesanstabac.lu\/de\/?s={search_term_string}"},"query-input":{"@type":"PropertyValueSpecification","valueRequired":true,"valueName":"search_term_string"}}],"inLanguage":"de"},{"@type":"Person","@id":"https:\/\/maviesanstabac.lu\/de\/#\/schema\/person\/458144ee774dc0229323f6b23e6b2937","name":"Elsa Marie","image":{"@type":"ImageObject","inLanguage":"de","@id":"https:\/\/maviesanstabac.lu\/de\/#\/schema\/person\/image\/","url":"https:\/\/secure.gravatar.com\/avatar\/bb4563e7d504e061d18988e9e48ae13de0e1696e62445b2aeb3d7a3c87670ff1?s=96&d=mm&r=g","contentUrl":"https:\/\/secure.gravatar.com\/avatar\/bb4563e7d504e061d18988e9e48ae13de0e1696e62445b2aeb3d7a3c87670ff1?s=96&d=mm&r=g","caption":"Elsa Marie"},"url":"https:\/\/maviesanstabac.lu\/de\/author\/elsa-marie\/"}]}},"_links":{"self":[{"href":"https:\/\/maviesanstabac.lu\/de\/wp-json\/wp\/v2\/posts\/13638","targetHints":{"allow":["GET"]}}],"collection":[{"href":"https:\/\/maviesanstabac.lu\/de\/wp-json\/wp\/v2\/posts"}],"about":[{"href":"https:\/\/maviesanstabac.lu\/de\/wp-json\/wp\/v2\/types\/post"}],"author":[{"embeddable":true,"href":"https:\/\/maviesanstabac.lu\/de\/wp-json\/wp\/v2\/users\/20"}],"replies":[{"embeddable":true,"href":"https:\/\/maviesanstabac.lu\/de\/wp-json\/wp\/v2\/comments?post=13638"}],"version-history":[{"count":2,"href":"https:\/\/maviesanstabac.lu\/de\/wp-json\/wp\/v2\/posts\/13638\/revisions"}],"predecessor-version":[{"id":13640,"href":"https:\/\/maviesanstabac.lu\/de\/wp-json\/wp\/v2\/posts\/13638\/revisions\/13640"}],"wp:featuredmedia":[{"embeddable":true,"href":"https:\/\/maviesanstabac.lu\/de\/wp-json\/wp\/v2\/media\/3368"}],"wp:attachment":[{"href":"https:\/\/maviesanstabac.lu\/de\/wp-json\/wp\/v2\/media?parent=13638"}],"wp:term":[{"taxonomy":"category","embeddable":true,"href":"https:\/\/maviesanstabac.lu\/de\/wp-json\/wp\/v2\/categories?post=13638"},{"taxonomy":"post_tag","embeddable":true,"href":"https:\/\/maviesanstabac.lu\/de\/wp-json\/wp\/v2\/tags?post=13638"}],"curies":[{"name":"wp","href":"https:\/\/api.w.org\/{rel}","templated":true}]}}